[{"@context":"https:\/\/schema.org\/","@type":"Article","@id":"https:\/\/www.termsnet.cz\/budte-in-v-kazdem-rocnim-obdobi\/#Article","mainEntityOfPage":"https:\/\/www.termsnet.cz\/budte-in-v-kazdem-rocnim-obdobi\/","headline":"Bu\u010fte IN v ka\u017ed\u00e9m ro\u010dn\u00edm obdob\u00ed","name":"Bu\u010fte IN v ka\u017ed\u00e9m ro\u010dn\u00edm obdob\u00ed","description":"V pochmurn\u00e9m zimn\u00edm po\u010das\u00ed, ob\u010das nem\u00e1te n\u00e1ladu na nic. Deprese u\u017e z toho, \u017ee je cel\u00fd den skoro tma a na to abyste p\u0159em\u00fd\u0161lela, co na sebe absolutn\u011b nem\u00e1te n\u00e1ladu. Vyt\u00e1hnete u\u017e n\u011bkolik\u00e1t\u00fdm rokem tu stejnou \u010dernou p\u00e9\u0159ovou bundu a hur\u00e1 do sv\u011bta. V tomto ro\u010dn\u00edm obdob\u00ed se c\u00edt\u00edte oby\u010dejn\u00e1 a neobdivovan\u00e1. A\u010d se pod...<p class=\"more-link-wrap\"><a href=\"https:\/\/www.termsnet.cz\/budte-in-v-kazdem-rocnim-obdobi\/\" class=\"more-link\">Read More<span class=\"screen-reader-text\"> &ldquo;Bu\u010fte IN v ka\u017ed\u00e9m ro\u010dn\u00edm obdob\u00ed&rdquo;<\/span> &raquo;<\/a><\/p>","datePublished":"2020-01-24","dateModified":"2023-04-27","author":{"@type":"Person","@id":"https:\/\/www.termsnet.cz\/author\/devene\/#Person","name":"termsnet.cz","url":"https:\/\/www.termsnet.cz\/author\/devene\/","identifier":1,"image":{"@type":"ImageObject","@id":"https:\/\/secure.gravatar.com\/avatar\/f7b3e8bb7f7cc0c6ca940e74a10b952be4c7d81de8a980387c865f88889f02e3?s=96&d=mm&r=g","url":"https:\/\/secure.gravatar.com\/avatar\/f7b3e8bb7f7cc0c6ca940e74a10b952be4c7d81de8a980387c865f88889f02e3?s=96&d=mm&r=g","height":96,"width":96}},"publisher":{"@type":"Organization","name":"termsnet.cz","logo":{"@type":"ImageObject","@id":"\/logo.png","url":"\/logo.png","width":600,"height":60}},"image":{"@type":"ImageObject","@id":"https:\/\/www.termsnet.cz\/wp-content\/uploads\/img_a367431_w1697_t1579861653.jpg","url":"https:\/\/www.termsnet.cz\/wp-content\/uploads\/img_a367431_w1697_t1579861653.jpg","height":0,"width":0},"url":"https:\/\/www.termsnet.cz\/budte-in-v-kazdem-rocnim-obdobi\/","about":["Produkty"],"wordCount":437,"articleBody":"V pochmurn\u00e9m zimn\u00edm po\u010das\u00ed, ob\u010das nem\u00e1te n\u00e1ladu na nic. Deprese u\u017e z toho, \u017ee je cel\u00fd den skoro tma a na to abyste p\u0159em\u00fd\u0161lela, co na sebe absolutn\u011b nem\u00e1te n\u00e1ladu. Vyt\u00e1hnete u\u017e n\u011bkolik\u00e1t\u00fdm rokem tu stejnou \u010dernou p\u00e9\u0159ovou bundu a hur\u00e1 do sv\u011bta. V tomto ro\u010dn\u00edm obdob\u00ed se c\u00edt\u00edte oby\u010dejn\u00e1 a neobdivovan\u00e1. A\u010d se pod va\u0161\u00ed bundou skr\u00fdv\u00e1 sebelep\u0161\u00ed outfit, m\u00e1lo komu bude umo\u017en\u011bno, aby ho vid\u011bl. Zm\u011b\u0148te tuto skute\u010dnost! Samoz\u0159ejm\u011b v\u00e1s nikdo nenab\u00e1d\u00e1 k tomu, abyste se svl\u00e9kli do tri\u010dek, kdy\u017e venku mrzne, av\u0161ak vylep\u0161ete si vzhled i n\u00e1ladou novou d\u00e1mskou zimn\u00ed bundou.  Va\u0161\u00ed fantazii se meze nekladou! Nikde nen\u00ed p\u0159eci ps\u00e1no, \u017ee mus\u00edte nosit opravdu velice v\u0161edn\u00ed \u010dernou p\u00e9\u0159ovou bundu, kter\u00e1 v\u00e1m radosti zrovna moc nep\u0159id\u00e1. Zkuste se odv\u00e1zat a odhodlejte se k n\u00e1kupu n\u011b\u010deho odv\u00e1\u017en\u011bj\u0161\u00edho a modern\u011bj\u0161\u00edho. Nebojte se barev, ty rozz\u00e1\u0159\u00ed v\u00e1s i va\u0161e obdivuj\u00edc\u00ed okol\u00ed! Modern\u00ed zimn\u00ed bundy vylep\u0161\u00ed i siluetu va\u0161\u00ed postavy a nebudete u\u017e vypadat jako val\u00edc\u00ed se sn\u011bhul\u00e1k. Jak\u00e9mu typu d\u00e1te p\u0159ednost vy? Modern\u00ed zimn\u00ed bunda Nov\u00fd vzhled a pestr\u00e9 barvy, nem\u011bjte strach, zima v\u00e1m v n\u00ed nebude. Tato bunda nen\u00ed pro\u0161\u00edvan\u00e1, ale m\u00e1 zateplenou pod\u0161\u00edvku. Nebude tedy moc tlust\u00e1, ale vy nebudete mrznout a nav\u00edc v\u00e1\u0161 vzhled bude prost\u011b b\u00e1je\u010dn\u00fd!  S ko\u017ee\u0161inkou Velice modern\u00ed a kr\u00e1sn\u00e1 je ko\u017ee\u0161inka na kapuci u zimn\u00ed bundy. Pro\u010d ne? Tento model zv\u00fdrazn\u00ed hlavn\u011b v\u00e1\u0161 obli\u010dej, zkuste n\u011bco nov\u00e9ho! Pro\u0161\u00edvan\u00e9 bundy Kdo p\u0159eci jen d\u00e1 p\u0159ednost klasick\u00e9 pro\u0161\u00edvan\u00e9 bund\u011b, nevad\u00ed. V modern\u00edm pod\u00e1n\u00ed nejsou bundy tak hu\u0148at\u00e9, ale p\u0159esto velice h\u0159ejiv\u00e9. V pase jsou z\u00fa\u017een\u00e9, tak aby lichotily na\u0161\u00ed postav\u011b. N\u011bkter\u00e9 dokonce maj\u00ed i p\u00e1sek. P\u0159echodov\u00e9 bundy Skv\u011bl\u00e1 bunda, kter\u00e1 nen\u00ed ani zimn\u00ed ani podzimn\u00ed. Sta\u010d\u00ed na chladn\u011bj\u0161\u00ed dny a jej\u00ed materi\u00e1l se m\u016f\u017ee li\u0161it. D\u00e1te p\u0159ednost ko\u017eenkov\u00e9 nebo jemn\u00e9 pro\u0161\u00edvan\u00e9? Ozdobit v\u00e1s m\u016f\u017ee taky pest\u0159e barevn\u00fd kab\u00e1tek! To z\u00e1le\u017e\u00ed na v\u00e1s a va\u0161em vkusu, tomu se meze nekladou. M\u011bjte na pam\u011bti, \u017ee ani v zim\u011b nen\u00ed pot\u0159eba splynout s davem a v\u017edy m\u016f\u017eete b\u00fdt n\u00e1dhern\u00e1 a v\u00fdjime\u010dn\u00e1!                                                                                                                                                                                                                                                                                                                                                                                                "},{"@context":"https:\/\/schema.org\/","@type":"BreadcrumbList","itemListElement":[{"@type":"ListItem","position":1,"name":"Bu\u010fte IN v ka\u017ed\u00e9m ro\u010dn\u00edm obdob\u00ed","item":"https:\/\/www.termsnet.cz\/budte-in-v-kazdem-rocnim-obdobi\/#breadcrumbitem"}]}]